{"id":8009,"date":"2024-01-18T10:57:39","date_gmt":"2024-01-18T08:57:39","guid":{"rendered":"https:\/\/www.corteparma.it\/marca-2024\/"},"modified":"2024-12-11T15:40:11","modified_gmt":"2024-12-11T13:40:11","slug":"marca-2024","status":"publish","type":"post","link":"https:\/\/www.corteparma.it\/fr\/marca-2024\/","title":{"rendered":"Marca 2024"},"content":{"rendered":"\t\t<div data-elementor-type=\"wp-post\" data-elementor-id=\"8009\" class=\"elementor elementor-8009\" data-elementor-post-type=\"post\">\n\t\t\t\t\t\t<section class=\"elementor-section elementor-top-section elementor-element elementor-element-c9e8e70 elementor-section-boxed elementor-section-height-default elementor-section-height-default\" data-id=\"c9e8e70\" data-element_type=\"section\" data-e-type=\"section\">\n\t\t\t\t\t\t<div class=\"elementor-container elementor-column-gap-default\">\n\t\t\t\t\t<div class=\"elementor-column elementor-col-100 elementor-top-column elementor-element elementor-element-b4eb261\" data-id=\"b4eb261\" data-element_type=\"column\" data-e-type=\"column\">\n\t\t\t<div class=\"elementor-widget-wrap elementor-element-populated\">\n\t\t\t\t\t\t<div class=\"elementor-element elementor-element-7bc7585 elementor-widget elementor-widget-breadcrumbs\" data-id=\"7bc7585\" data-element_type=\"widget\" data-e-type=\"widget\" data-widget_type=\"breadcrumbs.default\">\n\t\t\t\t<div class=\"elementor-widget-container\">\n\t\t\t\t\t<p id=\"breadcrumbs\"><span><span><a href=\"https:\/\/www.corteparma.it\/\">Home<\/a><\/span><\/span><\/p>\t\t\t\t<\/div>\n\t\t\t\t<\/div>\n\t\t\t\t<div class=\"elementor-element elementor-element-61000b0 elementor-widget elementor-widget-text-editor\" data-id=\"61000b0\" data-element_type=\"widget\" data-e-type=\"widget\" data-widget_type=\"text-editor.default\">\n\t\t\t\t<div class=\"elementor-widget-container\">\n\t\t\t\t\t\t\t\t\t<h2> \u00c0 Bologne du 16 au 17 janvier<\/h2>\n\t\t\t\t\t\t\t\t<\/div>\n\t\t\t\t<\/div>\n\t\t\t\t\t<\/div>\n\t\t<\/div>\n\t\t\t\t\t<\/div>\n\t\t<\/section>\n\t\t\t\t<section class=\"elementor-section elementor-top-section elementor-element elementor-element-546f6e1 elementor-section-boxed elementor-section-height-default elementor-section-height-default\" data-id=\"546f6e1\" data-element_type=\"section\" data-e-type=\"section\">\n\t\t\t\t\t\t<div class=\"elementor-container elementor-column-gap-default\">\n\t\t\t\t\t<div class=\"elementor-column elementor-col-50 elementor-top-column elementor-element elementor-element-020a681\" data-id=\"020a681\" data-element_type=\"column\" data-e-type=\"column\">\n\t\t\t<div class=\"elementor-widget-wrap elementor-element-populated\">\n\t\t\t\t\t\t<div class=\"elementor-element elementor-element-d0e1425 elementor-widget elementor-widget-text-editor\" data-id=\"d0e1425\" data-element_type=\"widget\" data-e-type=\"widget\" data-widget_type=\"text-editor.default\">\n\t\t\t\t<div class=\"elementor-widget-container\">\n\t\t\t\t\t\t\t\t\t<p>Le rendez-vous du MARCA est toujours nous l\u2019occasion de nouer et de renforcer des liens.<\/p>\n<p>Notre entreprise, ainsi que notre marque <a href=\"https:\/\/amoretti.eu\/it\/home\">Amoretti<\/a>, sont faites de personnes et, au salon \u00e9galement, nous avons d\u00e9cid\u00e9 de les mettre en avant en les pla\u00e7ant au c\u0153ur de notre stand. Un grand mur \u00e9tait en effet consacr\u00e9 aux visages qui fabriquent nos produits et \u00e0 ceux qui, chaque jour, les choisissent.<\/p>\n<p>Un grand merci \u00e0 tous ceux qui sont venus nous rendre visite, ce fut un plaisir d&rsquo;accueillir tous nos amis, anciens et nouveaux.<\/p>\n\t\t\t\t\t\t\t\t<\/div>\n\t\t\t\t<\/div>\n\t\t\t\t<div class=\"elementor-element elementor-element-5223b43 elementor-widget elementor-widget-image\" data-id=\"5223b43\" data-element_type=\"widget\" data-e-type=\"widget\" data-widget_type=\"image.default\">\n\t\t\t\t<div class=\"elementor-widget-container\">\n\t\t\t\t\t\t\t\t\t\t\t\t\t\t\t<img fetchpriority=\"high\" decoding=\"async\" width=\"886\" height=\"552\" src=\"https:\/\/www.corteparma.it\/wp-content\/uploads\/2024\/01\/marca-2024.jpg\" class=\"attachment-large size-large wp-image-8010\" alt=\"\" srcset=\"https:\/\/www.corteparma.it\/wp-content\/uploads\/2024\/01\/marca-2024.jpg 886w, https:\/\/www.corteparma.it\/wp-content\/uploads\/2024\/01\/marca-2024-300x187.jpg 300w, https:\/\/www.corteparma.it\/wp-content\/uploads\/2024\/01\/marca-2024-768x478.jpg 768w\" sizes=\"(max-width: 886px) 100vw, 886px\" \/>\t\t\t\t\t\t\t\t\t\t\t\t\t\t\t<\/div>\n\t\t\t\t<\/div>\n\t\t\t\t<div class=\"elementor-element elementor-element-d2649c4 elementor-post-navigation-borders-yes elementor-widget elementor-widget-post-navigation\" data-id=\"d2649c4\" data-element_type=\"widget\" data-e-type=\"widget\" data-widget_type=\"post-navigation.default\">\n\t\t\t\t<div class=\"elementor-widget-container\">\n\t\t\t\t\t\t\t<div class=\"elementor-post-navigation\" role=\"navigation\" aria-label=\"Navigation de publication\">\n\t\t\t<div class=\"elementor-post-navigation__prev elementor-post-navigation__link\">\n\t\t\t\t<a href=\"https:\/\/www.corteparma.it\/fr\/rapport-sur-le-developpement-durable-2022\/\" rel=\"prev\"><span class=\"post-navigation__arrow-wrapper post-navigation__arrow-prev\"><i aria-hidden=\"true\" class=\"fas fa-angle-left\"><\/i><span class=\"elementor-screen-only\">Pr\u00e9c\u00e9dent<\/span><\/span><span class=\"elementor-post-navigation__link__prev\"><span class=\"post-navigation__prev--label\">Pr\u00e9c\u00e9dent<\/span><span class=\"post-navigation__prev--title\">Rapport sur le d\u00e9veloppement durable 2022<\/span><\/span><\/a>\t\t\t<\/div>\n\t\t\t\t\t\t\t<div class=\"elementor-post-navigation__separator-wrapper\">\n\t\t\t\t\t<div class=\"elementor-post-navigation__separator\"><\/div>\n\t\t\t\t<\/div>\n\t\t\t\t\t\t<div class=\"elementor-post-navigation__next elementor-post-navigation__link\">\n\t\t\t\t<a href=\"https:\/\/www.corteparma.it\/fr\/cibus-2024\/\" rel=\"next\"><span class=\"elementor-post-navigation__link__next\"><span class=\"post-navigation__next--label\">Suivant<\/span><span class=\"post-navigation__next--title\">Cibus 2024<\/span><\/span><span class=\"post-navigation__arrow-wrapper post-navigation__arrow-next\"><i aria-hidden=\"true\" class=\"fas fa-angle-right\"><\/i><span class=\"elementor-screen-only\">Suivant<\/span><\/span><\/a>\t\t\t<\/div>\n\t\t<\/div>\n\t\t\t\t\t\t<\/div>\n\t\t\t\t<\/div>\n\t\t\t\t\t<\/div>\n\t\t<\/div>\n\t\t\t\t<div class=\"elementor-column elementor-col-50 elementor-top-column elementor-element elementor-element-b76135e elementor-hidden-tablet elementor-hidden-mobile\" data-id=\"b76135e\" data-element_type=\"column\" data-e-type=\"column\">\n\t\t\t<div class=\"elementor-widget-wrap elementor-element-populated\">\n\t\t\t\t\t\t<div class=\"elementor-element elementor-element-e85b402 elementor-view-stacked elementor-shape-circle elementor-widget elementor-widget-icon\" data-id=\"e85b402\" data-element_type=\"widget\" data-e-type=\"widget\" data-widget_type=\"icon.default\">\n\t\t\t\t<div class=\"elementor-widget-container\">\n\t\t\t\t\t\t\t<div class=\"elementor-icon-wrapper\">\n\t\t\t<a class=\"elementor-icon elementor-animation-shrink\" href=\"http:\/\/www.corteparma.it\/news\/\">\n\t\t\t<i aria-hidden=\"true\" class=\"fas fa-th\"><\/i>\t\t\t<\/a>\n\t\t<\/div>\n\t\t\t\t\t\t<\/div>\n\t\t\t\t<\/div>\n\t\t\t\t<div class=\"elementor-element elementor-element-449768d elementor-widget elementor-widget-text-editor\" data-id=\"449768d\" data-element_type=\"widget\" data-e-type=\"widget\" data-widget_type=\"text-editor.default\">\n\t\t\t\t<div class=\"elementor-widget-container\">\n\t\t\t\t\t\t\t\t\t<p><strong>Autres articles<br \/><\/strong><\/p>\n\t\t\t\t\t\t\t\t<\/div>\n\t\t\t\t<\/div>\n\t\t\t\t<div class=\"elementor-element elementor-element-baff024 elementor-grid-1 elementor-posts--thumbnail-none elementor-grid-tablet-2 elementor-grid-mobile-1 elementor-widget elementor-widget-posts\" data-id=\"baff024\" data-element_type=\"widget\" data-e-type=\"widget\" data-settings=\"{&quot;classic_columns&quot;:&quot;1&quot;,&quot;classic_row_gap&quot;:{&quot;unit&quot;:&quot;px&quot;,&quot;size&quot;:6,&quot;sizes&quot;:[]},&quot;classic_columns_tablet&quot;:&quot;2&quot;,&quot;classic_columns_mobile&quot;:&quot;1&quot;,&quot;classic_row_gap_tablet&quot;:{&quot;unit&quot;:&quot;px&quot;,&quot;size&quot;:&quot;&quot;,&quot;sizes&quot;:[]},&quot;classic_row_gap_mobile&quot;:{&quot;unit&quot;:&quot;px&quot;,&quot;size&quot;:&quot;&quot;,&quot;sizes&quot;:[]}}\" data-widget_type=\"posts.classic\">\n\t\t\t\t<div class=\"elementor-widget-container\">\n\t\t\t\t\t\t\t<div class=\"elementor-posts-container elementor-posts elementor-posts--skin-classic elementor-grid\" role=\"list\">\n\t\t\t\t<article class=\"elementor-post elementor-grid-item post-8372 post type-post status-publish format-standard has-post-thumbnail hentry category-nouvelles\" role=\"listitem\">\n\t\t\t\t<div class=\"elementor-post__text\">\n\t\t\t\t<p class=\"elementor-post__title\">\n\t\t\t<a href=\"https:\/\/www.corteparma.it\/fr\/journee-du-made-in-italy-les-exportations-de-corte-parma-amoretti-augmentent-de-pres-de-80\/\" >\n\t\t\t\tJourn\u00e9e du Made in Italy: les exportations de Corte Parma-Amoretti augmentent de pr\u00e8s de 80 %\t\t\t<\/a>\n\t\t<\/p>\n\t\t\t\t<\/div>\n\t\t\t\t<\/article>\n\t\t\t\t<article class=\"elementor-post elementor-grid-item post-8342 post type-post status-publish format-standard has-post-thumbnail hentry category-nouvelles\" role=\"listitem\">\n\t\t\t\t<div class=\"elementor-post__text\">\n\t\t\t\t<p class=\"elementor-post__title\">\n\t\t\t<a href=\"https:\/\/www.corteparma.it\/fr\/parizza-paris-2026\/\" >\n\t\t\t\tParizza Paris 2026\t\t\t<\/a>\n\t\t<\/p>\n\t\t\t\t<\/div>\n\t\t\t\t<\/article>\n\t\t\t\t<article class=\"elementor-post elementor-grid-item post-8334 post type-post status-publish format-standard has-post-thumbnail hentry category-nouvelles\" role=\"listitem\">\n\t\t\t\t<div class=\"elementor-post__text\">\n\t\t\t\t<p class=\"elementor-post__title\">\n\t\t\t<a href=\"https:\/\/www.corteparma.it\/fr\/ife-londres-2026\/\" >\n\t\t\t\tIFE Londres 2026\t\t\t<\/a>\n\t\t<\/p>\n\t\t\t\t<\/div>\n\t\t\t\t<\/article>\n\t\t\t\t<article class=\"elementor-post elementor-grid-item post-8299 post type-post status-publish format-standard has-post-thumbnail hentry category-nouvelles\" role=\"listitem\">\n\t\t\t\t<div class=\"elementor-post__text\">\n\t\t\t\t<p class=\"elementor-post__title\">\n\t\t\t<a href=\"https:\/\/www.corteparma.it\/fr\/anuga-2025\/\" >\n\t\t\t\tAnuga 2025\t\t\t<\/a>\n\t\t<\/p>\n\t\t\t\t<\/div>\n\t\t\t\t<\/article>\n\t\t\t\t<article class=\"elementor-post elementor-grid-item post-8277 post type-post status-publish format-standard has-post-thumbnail hentry category-nouvelles\" role=\"listitem\">\n\t\t\t\t<div class=\"elementor-post__text\">\n\t\t\t\t<p class=\"elementor-post__title\">\n\t\t\t<a href=\"https:\/\/www.corteparma.it\/fr\/tuttofood-2025\/\" >\n\t\t\t\tTuttofood 2025\t\t\t<\/a>\n\t\t<\/p>\n\t\t\t\t<\/div>\n\t\t\t\t<\/article>\n\t\t\t\t<article class=\"elementor-post elementor-grid-item post-8091 post type-post status-publish format-standard has-post-thumbnail hentry category-nouvelles\" role=\"listitem\">\n\t\t\t\t<div class=\"elementor-post__text\">\n\t\t\t\t<p class=\"elementor-post__title\">\n\t\t\t<a href=\"https:\/\/www.corteparma.it\/fr\/marca-2025\/\" >\n\t\t\t\tMARCA 2025\t\t\t<\/a>\n\t\t<\/p>\n\t\t\t\t<\/div>\n\t\t\t\t<\/article>\n\t\t\t\t<\/div>\n\t\t\n\t\t\t\t\t\t<\/div>\n\t\t\t\t<\/div>\n\t\t\t\t\t<\/div>\n\t\t<\/div>\n\t\t\t\t\t<\/div>\n\t\t<\/section>\n\t\t\t\t<\/div>\n\t\t","protected":false},"excerpt":{"rendered":"<p>\u00c0 Bologne du 16 au 17 janvier Le rendez-vous du MARCA est toujours nous l\u2019occasion de nouer et de renforcer des liens. Notre entreprise, ainsi<\/p>\n","protected":false},"author":6,"featured_media":8010,"comment_status":"closed","ping_status":"open","sticky":false,"template":"elementor_header_footer","format":"standard","meta":{"footnotes":""},"categories":[45],"tags":[],"class_list":["post-8009","post","type-post","status-publish","format-standard","has-post-thumbnail","hentry","category-nouvelles"],"yoast_head":"<!-- This site is optimized with the Yoast SEO plugin v27.5 - https:\/\/yoast.com\/product\/yoast-seo-wordpress\/ -->\n<title>Marca 2024 - Corte Parma<\/title>\n<meta name=\"robots\" content=\"index, follow, max-snippet:-1, max-image-preview:large, max-video-preview:-1\" \/>\n<link rel=\"canonical\" href=\"https:\/\/www.corteparma.it\/fr\/marca-2024\/\" \/>\n<meta property=\"og:locale\" content=\"fr_FR\" \/>\n<meta property=\"og:type\" content=\"article\" \/>\n<meta property=\"og:title\" content=\"Marca 2024 - Corte Parma\" \/>\n<meta property=\"og:description\" content=\"\u00c0 Bologne du 16 au 17 janvier Le rendez-vous du MARCA est toujours nous l\u2019occasion de nouer et de renforcer des liens. Notre entreprise, ainsi\" \/>\n<meta property=\"og:url\" content=\"https:\/\/www.corteparma.it\/fr\/marca-2024\/\" \/>\n<meta property=\"og:site_name\" content=\"Corte Parma\" \/>\n<meta property=\"article:published_time\" content=\"2024-01-18T08:57:39+00:00\" \/>\n<meta property=\"article:modified_time\" content=\"2024-12-11T13:40:11+00:00\" \/>\n<meta property=\"og:image\" content=\"https:\/\/www.corteparma.it\/wp-content\/uploads\/2024\/01\/marca-2024.jpg\" \/>\n\t<meta property=\"og:image:width\" content=\"886\" \/>\n\t<meta property=\"og:image:height\" content=\"552\" \/>\n\t<meta property=\"og:image:type\" content=\"image\/jpeg\" \/>\n<meta name=\"author\" content=\"Francesca\" \/>\n<meta name=\"twitter:card\" content=\"summary_large_image\" \/>\n<meta name=\"twitter:label1\" content=\"\u00c9crit par\" \/>\n\t<meta name=\"twitter:data1\" content=\"Francesca\" \/>\n<script type=\"application\/ld+json\" class=\"yoast-schema-graph\">{\"@context\":\"https:\\\/\\\/schema.org\",\"@graph\":[{\"@type\":\"Article\",\"@id\":\"https:\\\/\\\/www.corteparma.it\\\/fr\\\/marca-2024\\\/#article\",\"isPartOf\":{\"@id\":\"https:\\\/\\\/www.corteparma.it\\\/fr\\\/marca-2024\\\/\"},\"author\":{\"name\":\"Francesca\",\"@id\":\"https:\\\/\\\/www.corteparma.it\\\/#\\\/schema\\\/person\\\/64c6fd96cebb2b48fe4fcc51bf3d581c\"},\"headline\":\"Marca 2024\",\"datePublished\":\"2024-01-18T08:57:39+00:00\",\"dateModified\":\"2024-12-11T13:40:11+00:00\",\"mainEntityOfPage\":{\"@id\":\"https:\\\/\\\/www.corteparma.it\\\/fr\\\/marca-2024\\\/\"},\"wordCount\":100,\"image\":{\"@id\":\"https:\\\/\\\/www.corteparma.it\\\/fr\\\/marca-2024\\\/#primaryimage\"},\"thumbnailUrl\":\"https:\\\/\\\/www.corteparma.it\\\/wp-content\\\/uploads\\\/2024\\\/01\\\/marca-2024.jpg\",\"articleSection\":[\"Nouvelles\"],\"inLanguage\":\"fr-FR\"},{\"@type\":\"WebPage\",\"@id\":\"https:\\\/\\\/www.corteparma.it\\\/fr\\\/marca-2024\\\/\",\"url\":\"https:\\\/\\\/www.corteparma.it\\\/fr\\\/marca-2024\\\/\",\"name\":\"Marca 2024 - Corte Parma\",\"isPartOf\":{\"@id\":\"https:\\\/\\\/www.corteparma.it\\\/#website\"},\"primaryImageOfPage\":{\"@id\":\"https:\\\/\\\/www.corteparma.it\\\/fr\\\/marca-2024\\\/#primaryimage\"},\"image\":{\"@id\":\"https:\\\/\\\/www.corteparma.it\\\/fr\\\/marca-2024\\\/#primaryimage\"},\"thumbnailUrl\":\"https:\\\/\\\/www.corteparma.it\\\/wp-content\\\/uploads\\\/2024\\\/01\\\/marca-2024.jpg\",\"datePublished\":\"2024-01-18T08:57:39+00:00\",\"dateModified\":\"2024-12-11T13:40:11+00:00\",\"author\":{\"@id\":\"https:\\\/\\\/www.corteparma.it\\\/#\\\/schema\\\/person\\\/64c6fd96cebb2b48fe4fcc51bf3d581c\"},\"breadcrumb\":{\"@id\":\"https:\\\/\\\/www.corteparma.it\\\/fr\\\/marca-2024\\\/#breadcrumb\"},\"inLanguage\":\"fr-FR\",\"potentialAction\":[{\"@type\":\"ReadAction\",\"target\":[\"https:\\\/\\\/www.corteparma.it\\\/fr\\\/marca-2024\\\/\"]}]},{\"@type\":\"ImageObject\",\"inLanguage\":\"fr-FR\",\"@id\":\"https:\\\/\\\/www.corteparma.it\\\/fr\\\/marca-2024\\\/#primaryimage\",\"url\":\"https:\\\/\\\/www.corteparma.it\\\/wp-content\\\/uploads\\\/2024\\\/01\\\/marca-2024.jpg\",\"contentUrl\":\"https:\\\/\\\/www.corteparma.it\\\/wp-content\\\/uploads\\\/2024\\\/01\\\/marca-2024.jpg\",\"width\":886,\"height\":552},{\"@type\":\"BreadcrumbList\",\"@id\":\"https:\\\/\\\/www.corteparma.it\\\/fr\\\/marca-2024\\\/#breadcrumb\",\"itemListElement\":[{\"@type\":\"ListItem\",\"position\":1,\"name\":\"Home\",\"item\":\"https:\\\/\\\/www.corteparma.it\\\/\"},{\"@type\":\"ListItem\",\"position\":2,\"name\":\"Marca 2024\"}]},{\"@type\":\"WebSite\",\"@id\":\"https:\\\/\\\/www.corteparma.it\\\/#website\",\"url\":\"https:\\\/\\\/www.corteparma.it\\\/\",\"name\":\"Corte Parma\",\"description\":\"\",\"potentialAction\":[{\"@type\":\"SearchAction\",\"target\":{\"@type\":\"EntryPoint\",\"urlTemplate\":\"https:\\\/\\\/www.corteparma.it\\\/?s={search_term_string}\"},\"query-input\":{\"@type\":\"PropertyValueSpecification\",\"valueRequired\":true,\"valueName\":\"search_term_string\"}}],\"inLanguage\":\"fr-FR\"},{\"@type\":\"Person\",\"@id\":\"https:\\\/\\\/www.corteparma.it\\\/#\\\/schema\\\/person\\\/64c6fd96cebb2b48fe4fcc51bf3d581c\",\"name\":\"Francesca\",\"image\":{\"@type\":\"ImageObject\",\"inLanguage\":\"fr-FR\",\"@id\":\"https:\\\/\\\/secure.gravatar.com\\\/avatar\\\/63611fc76da375fba77cd167b7e40538cdd5925086c30c31fc7c31d596527745?s=96&d=mm&r=g\",\"url\":\"https:\\\/\\\/secure.gravatar.com\\\/avatar\\\/63611fc76da375fba77cd167b7e40538cdd5925086c30c31fc7c31d596527745?s=96&d=mm&r=g\",\"contentUrl\":\"https:\\\/\\\/secure.gravatar.com\\\/avatar\\\/63611fc76da375fba77cd167b7e40538cdd5925086c30c31fc7c31d596527745?s=96&d=mm&r=g\",\"caption\":\"Francesca\"},\"url\":\"https:\\\/\\\/www.corteparma.it\\\/fr\\\/author\\\/tonik\\\/\"}]}<\/script>\n<!-- \/ Yoast SEO plugin. -->","yoast_head_json":{"title":"Marca 2024 - Corte Parma","robots":{"index":"index","follow":"follow","max-snippet":"max-snippet:-1","max-image-preview":"max-image-preview:large","max-video-preview":"max-video-preview:-1"},"canonical":"https:\/\/www.corteparma.it\/fr\/marca-2024\/","og_locale":"fr_FR","og_type":"article","og_title":"Marca 2024 - Corte Parma","og_description":"\u00c0 Bologne du 16 au 17 janvier Le rendez-vous du MARCA est toujours nous l\u2019occasion de nouer et de renforcer des liens. Notre entreprise, ainsi","og_url":"https:\/\/www.corteparma.it\/fr\/marca-2024\/","og_site_name":"Corte Parma","article_published_time":"2024-01-18T08:57:39+00:00","article_modified_time":"2024-12-11T13:40:11+00:00","og_image":[{"width":886,"height":552,"url":"https:\/\/www.corteparma.it\/wp-content\/uploads\/2024\/01\/marca-2024.jpg","type":"image\/jpeg"}],"author":"Francesca","twitter_card":"summary_large_image","twitter_misc":{"\u00c9crit par":"Francesca"},"schema":{"@context":"https:\/\/schema.org","@graph":[{"@type":"Article","@id":"https:\/\/www.corteparma.it\/fr\/marca-2024\/#article","isPartOf":{"@id":"https:\/\/www.corteparma.it\/fr\/marca-2024\/"},"author":{"name":"Francesca","@id":"https:\/\/www.corteparma.it\/#\/schema\/person\/64c6fd96cebb2b48fe4fcc51bf3d581c"},"headline":"Marca 2024","datePublished":"2024-01-18T08:57:39+00:00","dateModified":"2024-12-11T13:40:11+00:00","mainEntityOfPage":{"@id":"https:\/\/www.corteparma.it\/fr\/marca-2024\/"},"wordCount":100,"image":{"@id":"https:\/\/www.corteparma.it\/fr\/marca-2024\/#primaryimage"},"thumbnailUrl":"https:\/\/www.corteparma.it\/wp-content\/uploads\/2024\/01\/marca-2024.jpg","articleSection":["Nouvelles"],"inLanguage":"fr-FR"},{"@type":"WebPage","@id":"https:\/\/www.corteparma.it\/fr\/marca-2024\/","url":"https:\/\/www.corteparma.it\/fr\/marca-2024\/","name":"Marca 2024 - Corte Parma","isPartOf":{"@id":"https:\/\/www.corteparma.it\/#website"},"primaryImageOfPage":{"@id":"https:\/\/www.corteparma.it\/fr\/marca-2024\/#primaryimage"},"image":{"@id":"https:\/\/www.corteparma.it\/fr\/marca-2024\/#primaryimage"},"thumbnailUrl":"https:\/\/www.corteparma.it\/wp-content\/uploads\/2024\/01\/marca-2024.jpg","datePublished":"2024-01-18T08:57:39+00:00","dateModified":"2024-12-11T13:40:11+00:00","author":{"@id":"https:\/\/www.corteparma.it\/#\/schema\/person\/64c6fd96cebb2b48fe4fcc51bf3d581c"},"breadcrumb":{"@id":"https:\/\/www.corteparma.it\/fr\/marca-2024\/#breadcrumb"},"inLanguage":"fr-FR","potentialAction":[{"@type":"ReadAction","target":["https:\/\/www.corteparma.it\/fr\/marca-2024\/"]}]},{"@type":"ImageObject","inLanguage":"fr-FR","@id":"https:\/\/www.corteparma.it\/fr\/marca-2024\/#primaryimage","url":"https:\/\/www.corteparma.it\/wp-content\/uploads\/2024\/01\/marca-2024.jpg","contentUrl":"https:\/\/www.corteparma.it\/wp-content\/uploads\/2024\/01\/marca-2024.jpg","width":886,"height":552},{"@type":"BreadcrumbList","@id":"https:\/\/www.corteparma.it\/fr\/marca-2024\/#breadcrumb","itemListElement":[{"@type":"ListItem","position":1,"name":"Home","item":"https:\/\/www.corteparma.it\/"},{"@type":"ListItem","position":2,"name":"Marca 2024"}]},{"@type":"WebSite","@id":"https:\/\/www.corteparma.it\/#website","url":"https:\/\/www.corteparma.it\/","name":"Corte Parma","description":"","potentialAction":[{"@type":"SearchAction","target":{"@type":"EntryPoint","urlTemplate":"https:\/\/www.corteparma.it\/?s={search_term_string}"},"query-input":{"@type":"PropertyValueSpecification","valueRequired":true,"valueName":"search_term_string"}}],"inLanguage":"fr-FR"},{"@type":"Person","@id":"https:\/\/www.corteparma.it\/#\/schema\/person\/64c6fd96cebb2b48fe4fcc51bf3d581c","name":"Francesca","image":{"@type":"ImageObject","inLanguage":"fr-FR","@id":"https:\/\/secure.gravatar.com\/avatar\/63611fc76da375fba77cd167b7e40538cdd5925086c30c31fc7c31d596527745?s=96&d=mm&r=g","url":"https:\/\/secure.gravatar.com\/avatar\/63611fc76da375fba77cd167b7e40538cdd5925086c30c31fc7c31d596527745?s=96&d=mm&r=g","contentUrl":"https:\/\/secure.gravatar.com\/avatar\/63611fc76da375fba77cd167b7e40538cdd5925086c30c31fc7c31d596527745?s=96&d=mm&r=g","caption":"Francesca"},"url":"https:\/\/www.corteparma.it\/fr\/author\/tonik\/"}]}},"_links":{"self":[{"href":"https:\/\/www.corteparma.it\/fr\/wp-json\/wp\/v2\/posts\/8009","targetHints":{"allow":["GET"]}}],"collection":[{"href":"https:\/\/www.corteparma.it\/fr\/wp-json\/wp\/v2\/posts"}],"about":[{"href":"https:\/\/www.corteparma.it\/fr\/wp-json\/wp\/v2\/types\/post"}],"author":[{"embeddable":true,"href":"https:\/\/www.corteparma.it\/fr\/wp-json\/wp\/v2\/users\/6"}],"replies":[{"embeddable":true,"href":"https:\/\/www.corteparma.it\/fr\/wp-json\/wp\/v2\/comments?post=8009"}],"version-history":[{"count":1,"href":"https:\/\/www.corteparma.it\/fr\/wp-json\/wp\/v2\/posts\/8009\/revisions"}],"predecessor-version":[{"id":8012,"href":"https:\/\/www.corteparma.it\/fr\/wp-json\/wp\/v2\/posts\/8009\/revisions\/8012"}],"wp:featuredmedia":[{"embeddable":true,"href":"https:\/\/www.corteparma.it\/fr\/wp-json\/wp\/v2\/media\/8010"}],"wp:attachment":[{"href":"https:\/\/www.corteparma.it\/fr\/wp-json\/wp\/v2\/media?parent=8009"}],"wp:term":[{"taxonomy":"category","embeddable":true,"href":"https:\/\/www.corteparma.it\/fr\/wp-json\/wp\/v2\/categories?post=8009"},{"taxonomy":"post_tag","embeddable":true,"href":"https:\/\/www.corteparma.it\/fr\/wp-json\/wp\/v2\/tags?post=8009"}],"curies":[{"name":"wp","href":"https:\/\/api.w.org\/{rel}","templated":true}]}}