{"id":8007,"date":"2024-11-22T17:57:41","date_gmt":"2024-11-22T15:57:41","guid":{"rendered":"https:\/\/www.corteparma.it\/rapport-de-durabilite-2023\/"},"modified":"2024-12-11T15:42:37","modified_gmt":"2024-12-11T13:42:37","slug":"rapport-de-durabilite-2023","status":"publish","type":"post","link":"https:\/\/www.corteparma.it\/fr\/rapport-de-durabilite-2023\/","title":{"rendered":"Rapport de durabilit\u00e9 2023"},"content":{"rendered":"\t\t<div data-elementor-type=\"wp-post\" data-elementor-id=\"8007\" class=\"elementor elementor-8007\" data-elementor-post-type=\"post\">\n\t\t\t\t\t\t<section class=\"elementor-section elementor-top-section elementor-element elementor-element-c9e8e70 elementor-section-boxed elementor-section-height-default elementor-section-height-default\" data-id=\"c9e8e70\" data-element_type=\"section\" data-e-type=\"section\">\n\t\t\t\t\t\t<div class=\"elementor-container elementor-column-gap-default\">\n\t\t\t\t\t<div class=\"elementor-column elementor-col-100 elementor-top-column elementor-element elementor-element-b4eb261\" data-id=\"b4eb261\" data-element_type=\"column\" data-e-type=\"column\">\n\t\t\t<div class=\"elementor-widget-wrap elementor-element-populated\">\n\t\t\t\t\t\t<div class=\"elementor-element elementor-element-7bc7585 elementor-widget elementor-widget-breadcrumbs\" data-id=\"7bc7585\" data-element_type=\"widget\" data-e-type=\"widget\" data-widget_type=\"breadcrumbs.default\">\n\t\t\t\t<div class=\"elementor-widget-container\">\n\t\t\t\t\t<p id=\"breadcrumbs\"><span><span><a href=\"https:\/\/www.corteparma.it\/\">Home<\/a><\/span><\/span><\/p>\t\t\t\t<\/div>\n\t\t\t\t<\/div>\n\t\t\t\t<div class=\"elementor-element elementor-element-61000b0 elementor-widget elementor-widget-text-editor\" data-id=\"61000b0\" data-element_type=\"widget\" data-e-type=\"widget\" data-widget_type=\"text-editor.default\">\n\t\t\t\t<div class=\"elementor-widget-container\">\n\t\t\t\t\t\t\t\t\t<h2><strong>Corte Parma<\/strong> s&rsquo;engage en faveur du d\u00e9veloppement durable<\/h2>\n\t\t\t\t\t\t\t\t<\/div>\n\t\t\t\t<\/div>\n\t\t\t\t\t<\/div>\n\t\t<\/div>\n\t\t\t\t\t<\/div>\n\t\t<\/section>\n\t\t\t\t<section class=\"elementor-section elementor-top-section elementor-element elementor-element-546f6e1 elementor-section-boxed elementor-section-height-default elementor-section-height-default\" data-id=\"546f6e1\" data-element_type=\"section\" data-e-type=\"section\">\n\t\t\t\t\t\t<div class=\"elementor-container elementor-column-gap-default\">\n\t\t\t\t\t<div class=\"elementor-column elementor-col-50 elementor-top-column elementor-element elementor-element-020a681\" data-id=\"020a681\" data-element_type=\"column\" data-e-type=\"column\">\n\t\t\t<div class=\"elementor-widget-wrap elementor-element-populated\">\n\t\t\t\t\t\t<div class=\"elementor-element elementor-element-d0e1425 elementor-widget elementor-widget-text-editor\" data-id=\"d0e1425\" data-element_type=\"widget\" data-e-type=\"widget\" data-widget_type=\"text-editor.default\">\n\t\t\t\t<div class=\"elementor-widget-container\">\n\t\t\t\t\t\t\t\t\t<p>Nous avons choisi de r\u00e9diger pour la deuxi\u00e8me ann\u00e9e cons\u00e9cutive le rapport de durabilit\u00e9 certifi\u00e9 par <a href=\"https:\/\/www.deloitte.com\/it\/it.html\">Deloitte<\/a> car nous sommes fiers de pouvoir partager les r\u00e9sultats obtenus qui, en r\u00e9alit\u00e9, ne repr\u00e9sentent pas pour nous un objectif mais les \u00e9tapes sur le chemin d\u2019une croissance vertueuse.<\/p>\n<p>En 2023, nous avons poursuivi les activit\u00e9s initi\u00e9es d\u00e8s 2022 en mettant l&rsquo;accent sur les objectifs ESG dans le domaine du bien-\u00eatre des individus, gr\u00e2ce \u00e0 des solutions positives pour l&rsquo;ensemble de l&rsquo;\u00e9quipe, \u00e0 la fois dans la vie professionnelle et priv\u00e9e. Nous avons renforc\u00e9 notre engagement \u00e0 mettre en \u0153uvre des actions et des strat\u00e9gies destin\u00e9es \u00e0 promouvoir l&rsquo;\u00e9conomie circulaire qui vise \u00e0 minimiser l&rsquo;utilisation des ressources naturelles, \u00e0 limiter le gaspillage et \u00e0 maximiser la r\u00e9utilisation, le recyclage et la r\u00e9cup\u00e9ration des mat\u00e9riaux et des produits.  <\/p>\n<p>Nous croyons fermement au d\u00e9veloppement durable, convaincus que chacun peut \u00eatre acteur du changement.<\/p>\n<p><a href=\"https:\/\/www.corteparma.it\/wp-content\/uploads\/2024\/11\/Bilancio-Sostenibilita-2023-ITA.pdf\" target=\"_blank\" rel=\"noopener\">T\u00e9l\u00e9charger le rapport de durabilit\u00e9 2023<br \/><\/a><\/p>\n\t\t\t\t\t\t\t\t<\/div>\n\t\t\t\t<\/div>\n\t\t\t\t<div class=\"elementor-element elementor-element-d985938 elementor-widget elementor-widget-image\" data-id=\"d985938\" data-element_type=\"widget\" data-e-type=\"widget\" data-widget_type=\"image.default\">\n\t\t\t\t<div class=\"elementor-widget-container\">\n\t\t\t\t\t\t\t\t\t\t\t\t\t\t\t<img fetchpriority=\"high\" decoding=\"async\" width=\"1024\" height=\"683\" src=\"https:\/\/www.corteparma.it\/wp-content\/uploads\/2024\/11\/bilancio-2023-1024x683.jpg\" class=\"attachment-large size-large wp-image-7985\" alt=\"\" srcset=\"https:\/\/www.corteparma.it\/wp-content\/uploads\/2024\/11\/bilancio-2023-1024x683.jpg 1024w, https:\/\/www.corteparma.it\/wp-content\/uploads\/2024\/11\/bilancio-2023-300x200.jpg 300w, https:\/\/www.corteparma.it\/wp-content\/uploads\/2024\/11\/bilancio-2023-768x512.jpg 768w, https:\/\/www.corteparma.it\/wp-content\/uploads\/2024\/11\/bilancio-2023-1536x1024.jpg 1536w, https:\/\/www.corteparma.it\/wp-content\/uploads\/2024\/11\/bilancio-2023-2048x1365.jpg 2048w\" sizes=\"(max-width: 1024px) 100vw, 1024px\" \/>\t\t\t\t\t\t\t\t\t\t\t\t\t\t\t<\/div>\n\t\t\t\t<\/div>\n\t\t\t\t<div class=\"elementor-element elementor-element-d2649c4 elementor-post-navigation-borders-yes elementor-widget elementor-widget-post-navigation\" data-id=\"d2649c4\" data-element_type=\"widget\" data-e-type=\"widget\" data-widget_type=\"post-navigation.default\">\n\t\t\t\t<div class=\"elementor-widget-container\">\n\t\t\t\t\t\t\t<div class=\"elementor-post-navigation\" role=\"navigation\" aria-label=\"Navigation de publication\">\n\t\t\t<div class=\"elementor-post-navigation__prev elementor-post-navigation__link\">\n\t\t\t\t<a href=\"https:\/\/www.corteparma.it\/fr\/plma-2024\/\" rel=\"prev\"><span class=\"post-navigation__arrow-wrapper post-navigation__arrow-prev\"><i aria-hidden=\"true\" class=\"fas fa-angle-left\"><\/i><span class=\"elementor-screen-only\">Pr\u00e9c\u00e9dent<\/span><\/span><span class=\"elementor-post-navigation__link__prev\"><span class=\"post-navigation__prev--label\">Pr\u00e9c\u00e9dent<\/span><span class=\"post-navigation__prev--title\">PLMA 2024<\/span><\/span><\/a>\t\t\t<\/div>\n\t\t\t\t\t\t\t<div class=\"elementor-post-navigation__separator-wrapper\">\n\t\t\t\t\t<div class=\"elementor-post-navigation__separator\"><\/div>\n\t\t\t\t<\/div>\n\t\t\t\t\t\t<div class=\"elementor-post-navigation__next elementor-post-navigation__link\">\n\t\t\t\t<a href=\"https:\/\/www.corteparma.it\/fr\/marca-2025\/\" rel=\"next\"><span class=\"elementor-post-navigation__link__next\"><span class=\"post-navigation__next--label\">Suivant<\/span><span class=\"post-navigation__next--title\">MARCA 2025<\/span><\/span><span class=\"post-navigation__arrow-wrapper post-navigation__arrow-next\"><i aria-hidden=\"true\" class=\"fas fa-angle-right\"><\/i><span class=\"elementor-screen-only\">Suivant<\/span><\/span><\/a>\t\t\t<\/div>\n\t\t<\/div>\n\t\t\t\t\t\t<\/div>\n\t\t\t\t<\/div>\n\t\t\t\t\t<\/div>\n\t\t<\/div>\n\t\t\t\t<div class=\"elementor-column elementor-col-50 elementor-top-column elementor-element elementor-element-b76135e elementor-hidden-tablet elementor-hidden-mobile\" data-id=\"b76135e\" data-element_type=\"column\" data-e-type=\"column\">\n\t\t\t<div class=\"elementor-widget-wrap elementor-element-populated\">\n\t\t\t\t\t\t<div class=\"elementor-element elementor-element-e85b402 elementor-view-stacked elementor-shape-circle elementor-widget elementor-widget-icon\" data-id=\"e85b402\" data-element_type=\"widget\" data-e-type=\"widget\" data-widget_type=\"icon.default\">\n\t\t\t\t<div class=\"elementor-widget-container\">\n\t\t\t\t\t\t\t<div class=\"elementor-icon-wrapper\">\n\t\t\t<a class=\"elementor-icon elementor-animation-shrink\" href=\"http:\/\/www.corteparma.it\/news\/\">\n\t\t\t<i aria-hidden=\"true\" class=\"fas fa-th\"><\/i>\t\t\t<\/a>\n\t\t<\/div>\n\t\t\t\t\t\t<\/div>\n\t\t\t\t<\/div>\n\t\t\t\t<div class=\"elementor-element elementor-element-449768d elementor-widget elementor-widget-text-editor\" data-id=\"449768d\" data-element_type=\"widget\" data-e-type=\"widget\" data-widget_type=\"text-editor.default\">\n\t\t\t\t<div class=\"elementor-widget-container\">\n\t\t\t\t\t\t\t\t\t<p><strong>Autres articles<br \/><\/strong><\/p>\n\t\t\t\t\t\t\t\t<\/div>\n\t\t\t\t<\/div>\n\t\t\t\t<div class=\"elementor-element elementor-element-baff024 elementor-grid-1 elementor-posts--thumbnail-none elementor-grid-tablet-2 elementor-grid-mobile-1 elementor-widget elementor-widget-posts\" data-id=\"baff024\" data-element_type=\"widget\" data-e-type=\"widget\" data-settings=\"{&quot;classic_columns&quot;:&quot;1&quot;,&quot;classic_row_gap&quot;:{&quot;unit&quot;:&quot;px&quot;,&quot;size&quot;:6,&quot;sizes&quot;:[]},&quot;classic_columns_tablet&quot;:&quot;2&quot;,&quot;classic_columns_mobile&quot;:&quot;1&quot;,&quot;classic_row_gap_tablet&quot;:{&quot;unit&quot;:&quot;px&quot;,&quot;size&quot;:&quot;&quot;,&quot;sizes&quot;:[]},&quot;classic_row_gap_mobile&quot;:{&quot;unit&quot;:&quot;px&quot;,&quot;size&quot;:&quot;&quot;,&quot;sizes&quot;:[]}}\" data-widget_type=\"posts.classic\">\n\t\t\t\t<div class=\"elementor-widget-container\">\n\t\t\t\t\t\t\t<div class=\"elementor-posts-container elementor-posts elementor-posts--skin-classic elementor-grid\" role=\"list\">\n\t\t\t\t<article class=\"elementor-post elementor-grid-item post-8372 post type-post status-publish format-standard has-post-thumbnail hentry category-nouvelles\" role=\"listitem\">\n\t\t\t\t<div class=\"elementor-post__text\">\n\t\t\t\t<p class=\"elementor-post__title\">\n\t\t\t<a href=\"https:\/\/www.corteparma.it\/fr\/journee-du-made-in-italy-les-exportations-de-corte-parma-amoretti-augmentent-de-pres-de-80\/\" >\n\t\t\t\tJourn\u00e9e du Made in Italy: les exportations de Corte Parma-Amoretti augmentent de pr\u00e8s de 80 %\t\t\t<\/a>\n\t\t<\/p>\n\t\t\t\t<\/div>\n\t\t\t\t<\/article>\n\t\t\t\t<article class=\"elementor-post elementor-grid-item post-8342 post type-post status-publish format-standard has-post-thumbnail hentry category-nouvelles\" role=\"listitem\">\n\t\t\t\t<div class=\"elementor-post__text\">\n\t\t\t\t<p class=\"elementor-post__title\">\n\t\t\t<a href=\"https:\/\/www.corteparma.it\/fr\/parizza-paris-2026\/\" >\n\t\t\t\tParizza Paris 2026\t\t\t<\/a>\n\t\t<\/p>\n\t\t\t\t<\/div>\n\t\t\t\t<\/article>\n\t\t\t\t<article class=\"elementor-post elementor-grid-item post-8334 post type-post status-publish format-standard has-post-thumbnail hentry category-nouvelles\" role=\"listitem\">\n\t\t\t\t<div class=\"elementor-post__text\">\n\t\t\t\t<p class=\"elementor-post__title\">\n\t\t\t<a href=\"https:\/\/www.corteparma.it\/fr\/ife-londres-2026\/\" >\n\t\t\t\tIFE Londres 2026\t\t\t<\/a>\n\t\t<\/p>\n\t\t\t\t<\/div>\n\t\t\t\t<\/article>\n\t\t\t\t<article class=\"elementor-post elementor-grid-item post-8299 post type-post status-publish format-standard has-post-thumbnail hentry category-nouvelles\" role=\"listitem\">\n\t\t\t\t<div class=\"elementor-post__text\">\n\t\t\t\t<p class=\"elementor-post__title\">\n\t\t\t<a href=\"https:\/\/www.corteparma.it\/fr\/anuga-2025\/\" >\n\t\t\t\tAnuga 2025\t\t\t<\/a>\n\t\t<\/p>\n\t\t\t\t<\/div>\n\t\t\t\t<\/article>\n\t\t\t\t<article class=\"elementor-post elementor-grid-item post-8277 post type-post status-publish format-standard has-post-thumbnail hentry category-nouvelles\" role=\"listitem\">\n\t\t\t\t<div class=\"elementor-post__text\">\n\t\t\t\t<p class=\"elementor-post__title\">\n\t\t\t<a href=\"https:\/\/www.corteparma.it\/fr\/tuttofood-2025\/\" >\n\t\t\t\tTuttofood 2025\t\t\t<\/a>\n\t\t<\/p>\n\t\t\t\t<\/div>\n\t\t\t\t<\/article>\n\t\t\t\t<article class=\"elementor-post elementor-grid-item post-8091 post type-post status-publish format-standard has-post-thumbnail hentry category-nouvelles\" role=\"listitem\">\n\t\t\t\t<div class=\"elementor-post__text\">\n\t\t\t\t<p class=\"elementor-post__title\">\n\t\t\t<a href=\"https:\/\/www.corteparma.it\/fr\/marca-2025\/\" >\n\t\t\t\tMARCA 2025\t\t\t<\/a>\n\t\t<\/p>\n\t\t\t\t<\/div>\n\t\t\t\t<\/article>\n\t\t\t\t<\/div>\n\t\t\n\t\t\t\t\t\t<\/div>\n\t\t\t\t<\/div>\n\t\t\t\t\t<\/div>\n\t\t<\/div>\n\t\t\t\t\t<\/div>\n\t\t<\/section>\n\t\t\t\t<\/div>\n\t\t","protected":false},"excerpt":{"rendered":"<p>Corte Parma s&rsquo;engage en faveur du d\u00e9veloppement durable Nous avons choisi de r\u00e9diger pour la deuxi\u00e8me ann\u00e9e cons\u00e9cutive le rapport de durabilit\u00e9 certifi\u00e9 par Deloitte<\/p>\n","protected":false},"author":6,"featured_media":7985,"comment_status":"closed","ping_status":"open","sticky":false,"template":"elementor_header_footer","format":"standard","meta":{"footnotes":""},"categories":[45],"tags":[],"class_list":["post-8007","post","type-post","status-publish","format-standard","has-post-thumbnail","hentry","category-nouvelles"],"yoast_head":"<!-- This site is optimized with the Yoast SEO plugin v27.5 - https:\/\/yoast.com\/product\/yoast-seo-wordpress\/ -->\n<title>Rapport de durabilit\u00e9 2023 - Corte Parma<\/title>\n<meta name=\"description\" content=\"Anche quest&#039;anno abbiamo redatto il Bilancio di Sotenibilit\u00e0 2023, perch\u00e8 crediamo nella sostenibilit\u00e0 con impegno e dinamismo.\" \/>\n<meta name=\"robots\" content=\"index, follow, max-snippet:-1, max-image-preview:large, max-video-preview:-1\" \/>\n<link rel=\"canonical\" href=\"https:\/\/www.corteparma.it\/fr\/rapport-de-durabilite-2023\/\" \/>\n<meta property=\"og:locale\" content=\"fr_FR\" \/>\n<meta property=\"og:type\" content=\"article\" \/>\n<meta property=\"og:title\" content=\"Rapport de durabilit\u00e9 2023 - Corte Parma\" \/>\n<meta property=\"og:description\" content=\"Anche quest&#039;anno abbiamo redatto il Bilancio di Sotenibilit\u00e0 2023, perch\u00e8 crediamo nella sostenibilit\u00e0 con impegno e dinamismo.\" \/>\n<meta property=\"og:url\" content=\"https:\/\/www.corteparma.it\/fr\/rapport-de-durabilite-2023\/\" \/>\n<meta property=\"og:site_name\" content=\"Corte Parma\" \/>\n<meta property=\"article:published_time\" content=\"2024-11-22T15:57:41+00:00\" \/>\n<meta property=\"article:modified_time\" content=\"2024-12-11T13:42:37+00:00\" \/>\n<meta property=\"og:image\" content=\"https:\/\/www.corteparma.it\/wp-content\/uploads\/2024\/11\/bilancio-2023-scaled.jpg\" \/>\n\t<meta property=\"og:image:width\" content=\"2560\" \/>\n\t<meta property=\"og:image:height\" content=\"1707\" \/>\n\t<meta property=\"og:image:type\" content=\"image\/jpeg\" \/>\n<meta name=\"author\" content=\"Francesca\" \/>\n<meta name=\"twitter:card\" content=\"summary_large_image\" \/>\n<meta name=\"twitter:label1\" content=\"\u00c9crit par\" \/>\n\t<meta name=\"twitter:data1\" content=\"Francesca\" \/>\n\t<meta name=\"twitter:label2\" content=\"Dur\u00e9e de lecture estim\u00e9e\" \/>\n\t<meta name=\"twitter:data2\" content=\"1 minute\" \/>\n<script type=\"application\/ld+json\" class=\"yoast-schema-graph\">{\"@context\":\"https:\\\/\\\/schema.org\",\"@graph\":[{\"@type\":\"Article\",\"@id\":\"https:\\\/\\\/www.corteparma.it\\\/fr\\\/rapport-de-durabilite-2023\\\/#article\",\"isPartOf\":{\"@id\":\"https:\\\/\\\/www.corteparma.it\\\/fr\\\/rapport-de-durabilite-2023\\\/\"},\"author\":{\"name\":\"Francesca\",\"@id\":\"https:\\\/\\\/www.corteparma.it\\\/#\\\/schema\\\/person\\\/64c6fd96cebb2b48fe4fcc51bf3d581c\"},\"headline\":\"Rapport de durabilit\u00e9 2023\",\"datePublished\":\"2024-11-22T15:57:41+00:00\",\"dateModified\":\"2024-12-11T13:42:37+00:00\",\"mainEntityOfPage\":{\"@id\":\"https:\\\/\\\/www.corteparma.it\\\/fr\\\/rapport-de-durabilite-2023\\\/\"},\"wordCount\":187,\"image\":{\"@id\":\"https:\\\/\\\/www.corteparma.it\\\/fr\\\/rapport-de-durabilite-2023\\\/#primaryimage\"},\"thumbnailUrl\":\"https:\\\/\\\/www.corteparma.it\\\/wp-content\\\/uploads\\\/2024\\\/11\\\/bilancio-2023-scaled.jpg\",\"articleSection\":[\"Nouvelles\"],\"inLanguage\":\"fr-FR\"},{\"@type\":\"WebPage\",\"@id\":\"https:\\\/\\\/www.corteparma.it\\\/fr\\\/rapport-de-durabilite-2023\\\/\",\"url\":\"https:\\\/\\\/www.corteparma.it\\\/fr\\\/rapport-de-durabilite-2023\\\/\",\"name\":\"Rapport de durabilit\u00e9 2023 - Corte Parma\",\"isPartOf\":{\"@id\":\"https:\\\/\\\/www.corteparma.it\\\/#website\"},\"primaryImageOfPage\":{\"@id\":\"https:\\\/\\\/www.corteparma.it\\\/fr\\\/rapport-de-durabilite-2023\\\/#primaryimage\"},\"image\":{\"@id\":\"https:\\\/\\\/www.corteparma.it\\\/fr\\\/rapport-de-durabilite-2023\\\/#primaryimage\"},\"thumbnailUrl\":\"https:\\\/\\\/www.corteparma.it\\\/wp-content\\\/uploads\\\/2024\\\/11\\\/bilancio-2023-scaled.jpg\",\"datePublished\":\"2024-11-22T15:57:41+00:00\",\"dateModified\":\"2024-12-11T13:42:37+00:00\",\"author\":{\"@id\":\"https:\\\/\\\/www.corteparma.it\\\/#\\\/schema\\\/person\\\/64c6fd96cebb2b48fe4fcc51bf3d581c\"},\"description\":\"Anche quest'anno abbiamo redatto il Bilancio di Sotenibilit\u00e0 2023, perch\u00e8 crediamo nella sostenibilit\u00e0 con impegno e dinamismo.\",\"breadcrumb\":{\"@id\":\"https:\\\/\\\/www.corteparma.it\\\/fr\\\/rapport-de-durabilite-2023\\\/#breadcrumb\"},\"inLanguage\":\"fr-FR\",\"potentialAction\":[{\"@type\":\"ReadAction\",\"target\":[\"https:\\\/\\\/www.corteparma.it\\\/fr\\\/rapport-de-durabilite-2023\\\/\"]}]},{\"@type\":\"ImageObject\",\"inLanguage\":\"fr-FR\",\"@id\":\"https:\\\/\\\/www.corteparma.it\\\/fr\\\/rapport-de-durabilite-2023\\\/#primaryimage\",\"url\":\"https:\\\/\\\/www.corteparma.it\\\/wp-content\\\/uploads\\\/2024\\\/11\\\/bilancio-2023-scaled.jpg\",\"contentUrl\":\"https:\\\/\\\/www.corteparma.it\\\/wp-content\\\/uploads\\\/2024\\\/11\\\/bilancio-2023-scaled.jpg\",\"width\":2560,\"height\":1707},{\"@type\":\"BreadcrumbList\",\"@id\":\"https:\\\/\\\/www.corteparma.it\\\/fr\\\/rapport-de-durabilite-2023\\\/#breadcrumb\",\"itemListElement\":[{\"@type\":\"ListItem\",\"position\":1,\"name\":\"Home\",\"item\":\"https:\\\/\\\/www.corteparma.it\\\/\"},{\"@type\":\"ListItem\",\"position\":2,\"name\":\"Rapport de durabilit\u00e9 2023\"}]},{\"@type\":\"WebSite\",\"@id\":\"https:\\\/\\\/www.corteparma.it\\\/#website\",\"url\":\"https:\\\/\\\/www.corteparma.it\\\/\",\"name\":\"Corte Parma\",\"description\":\"\",\"potentialAction\":[{\"@type\":\"SearchAction\",\"target\":{\"@type\":\"EntryPoint\",\"urlTemplate\":\"https:\\\/\\\/www.corteparma.it\\\/?s={search_term_string}\"},\"query-input\":{\"@type\":\"PropertyValueSpecification\",\"valueRequired\":true,\"valueName\":\"search_term_string\"}}],\"inLanguage\":\"fr-FR\"},{\"@type\":\"Person\",\"@id\":\"https:\\\/\\\/www.corteparma.it\\\/#\\\/schema\\\/person\\\/64c6fd96cebb2b48fe4fcc51bf3d581c\",\"name\":\"Francesca\",\"image\":{\"@type\":\"ImageObject\",\"inLanguage\":\"fr-FR\",\"@id\":\"https:\\\/\\\/secure.gravatar.com\\\/avatar\\\/63611fc76da375fba77cd167b7e40538cdd5925086c30c31fc7c31d596527745?s=96&d=mm&r=g\",\"url\":\"https:\\\/\\\/secure.gravatar.com\\\/avatar\\\/63611fc76da375fba77cd167b7e40538cdd5925086c30c31fc7c31d596527745?s=96&d=mm&r=g\",\"contentUrl\":\"https:\\\/\\\/secure.gravatar.com\\\/avatar\\\/63611fc76da375fba77cd167b7e40538cdd5925086c30c31fc7c31d596527745?s=96&d=mm&r=g\",\"caption\":\"Francesca\"},\"url\":\"https:\\\/\\\/www.corteparma.it\\\/fr\\\/author\\\/tonik\\\/\"}]}<\/script>\n<!-- \/ Yoast SEO plugin. -->","yoast_head_json":{"title":"Rapport de durabilit\u00e9 2023 - Corte Parma","description":"Anche quest'anno abbiamo redatto il Bilancio di Sotenibilit\u00e0 2023, perch\u00e8 crediamo nella sostenibilit\u00e0 con impegno e dinamismo.","robots":{"index":"index","follow":"follow","max-snippet":"max-snippet:-1","max-image-preview":"max-image-preview:large","max-video-preview":"max-video-preview:-1"},"canonical":"https:\/\/www.corteparma.it\/fr\/rapport-de-durabilite-2023\/","og_locale":"fr_FR","og_type":"article","og_title":"Rapport de durabilit\u00e9 2023 - Corte Parma","og_description":"Anche quest'anno abbiamo redatto il Bilancio di Sotenibilit\u00e0 2023, perch\u00e8 crediamo nella sostenibilit\u00e0 con impegno e dinamismo.","og_url":"https:\/\/www.corteparma.it\/fr\/rapport-de-durabilite-2023\/","og_site_name":"Corte Parma","article_published_time":"2024-11-22T15:57:41+00:00","article_modified_time":"2024-12-11T13:42:37+00:00","og_image":[{"width":2560,"height":1707,"url":"https:\/\/www.corteparma.it\/wp-content\/uploads\/2024\/11\/bilancio-2023-scaled.jpg","type":"image\/jpeg"}],"author":"Francesca","twitter_card":"summary_large_image","twitter_misc":{"\u00c9crit par":"Francesca","Dur\u00e9e de lecture estim\u00e9e":"1 minute"},"schema":{"@context":"https:\/\/schema.org","@graph":[{"@type":"Article","@id":"https:\/\/www.corteparma.it\/fr\/rapport-de-durabilite-2023\/#article","isPartOf":{"@id":"https:\/\/www.corteparma.it\/fr\/rapport-de-durabilite-2023\/"},"author":{"name":"Francesca","@id":"https:\/\/www.corteparma.it\/#\/schema\/person\/64c6fd96cebb2b48fe4fcc51bf3d581c"},"headline":"Rapport de durabilit\u00e9 2023","datePublished":"2024-11-22T15:57:41+00:00","dateModified":"2024-12-11T13:42:37+00:00","mainEntityOfPage":{"@id":"https:\/\/www.corteparma.it\/fr\/rapport-de-durabilite-2023\/"},"wordCount":187,"image":{"@id":"https:\/\/www.corteparma.it\/fr\/rapport-de-durabilite-2023\/#primaryimage"},"thumbnailUrl":"https:\/\/www.corteparma.it\/wp-content\/uploads\/2024\/11\/bilancio-2023-scaled.jpg","articleSection":["Nouvelles"],"inLanguage":"fr-FR"},{"@type":"WebPage","@id":"https:\/\/www.corteparma.it\/fr\/rapport-de-durabilite-2023\/","url":"https:\/\/www.corteparma.it\/fr\/rapport-de-durabilite-2023\/","name":"Rapport de durabilit\u00e9 2023 - Corte Parma","isPartOf":{"@id":"https:\/\/www.corteparma.it\/#website"},"primaryImageOfPage":{"@id":"https:\/\/www.corteparma.it\/fr\/rapport-de-durabilite-2023\/#primaryimage"},"image":{"@id":"https:\/\/www.corteparma.it\/fr\/rapport-de-durabilite-2023\/#primaryimage"},"thumbnailUrl":"https:\/\/www.corteparma.it\/wp-content\/uploads\/2024\/11\/bilancio-2023-scaled.jpg","datePublished":"2024-11-22T15:57:41+00:00","dateModified":"2024-12-11T13:42:37+00:00","author":{"@id":"https:\/\/www.corteparma.it\/#\/schema\/person\/64c6fd96cebb2b48fe4fcc51bf3d581c"},"description":"Anche quest'anno abbiamo redatto il Bilancio di Sotenibilit\u00e0 2023, perch\u00e8 crediamo nella sostenibilit\u00e0 con impegno e dinamismo.","breadcrumb":{"@id":"https:\/\/www.corteparma.it\/fr\/rapport-de-durabilite-2023\/#breadcrumb"},"inLanguage":"fr-FR","potentialAction":[{"@type":"ReadAction","target":["https:\/\/www.corteparma.it\/fr\/rapport-de-durabilite-2023\/"]}]},{"@type":"ImageObject","inLanguage":"fr-FR","@id":"https:\/\/www.corteparma.it\/fr\/rapport-de-durabilite-2023\/#primaryimage","url":"https:\/\/www.corteparma.it\/wp-content\/uploads\/2024\/11\/bilancio-2023-scaled.jpg","contentUrl":"https:\/\/www.corteparma.it\/wp-content\/uploads\/2024\/11\/bilancio-2023-scaled.jpg","width":2560,"height":1707},{"@type":"BreadcrumbList","@id":"https:\/\/www.corteparma.it\/fr\/rapport-de-durabilite-2023\/#breadcrumb","itemListElement":[{"@type":"ListItem","position":1,"name":"Home","item":"https:\/\/www.corteparma.it\/"},{"@type":"ListItem","position":2,"name":"Rapport de durabilit\u00e9 2023"}]},{"@type":"WebSite","@id":"https:\/\/www.corteparma.it\/#website","url":"https:\/\/www.corteparma.it\/","name":"Corte Parma","description":"","potentialAction":[{"@type":"SearchAction","target":{"@type":"EntryPoint","urlTemplate":"https:\/\/www.corteparma.it\/?s={search_term_string}"},"query-input":{"@type":"PropertyValueSpecification","valueRequired":true,"valueName":"search_term_string"}}],"inLanguage":"fr-FR"},{"@type":"Person","@id":"https:\/\/www.corteparma.it\/#\/schema\/person\/64c6fd96cebb2b48fe4fcc51bf3d581c","name":"Francesca","image":{"@type":"ImageObject","inLanguage":"fr-FR","@id":"https:\/\/secure.gravatar.com\/avatar\/63611fc76da375fba77cd167b7e40538cdd5925086c30c31fc7c31d596527745?s=96&d=mm&r=g","url":"https:\/\/secure.gravatar.com\/avatar\/63611fc76da375fba77cd167b7e40538cdd5925086c30c31fc7c31d596527745?s=96&d=mm&r=g","contentUrl":"https:\/\/secure.gravatar.com\/avatar\/63611fc76da375fba77cd167b7e40538cdd5925086c30c31fc7c31d596527745?s=96&d=mm&r=g","caption":"Francesca"},"url":"https:\/\/www.corteparma.it\/fr\/author\/tonik\/"}]}},"_links":{"self":[{"href":"https:\/\/www.corteparma.it\/fr\/wp-json\/wp\/v2\/posts\/8007","targetHints":{"allow":["GET"]}}],"collection":[{"href":"https:\/\/www.corteparma.it\/fr\/wp-json\/wp\/v2\/posts"}],"about":[{"href":"https:\/\/www.corteparma.it\/fr\/wp-json\/wp\/v2\/types\/post"}],"author":[{"embeddable":true,"href":"https:\/\/www.corteparma.it\/fr\/wp-json\/wp\/v2\/users\/6"}],"replies":[{"embeddable":true,"href":"https:\/\/www.corteparma.it\/fr\/wp-json\/wp\/v2\/comments?post=8007"}],"version-history":[{"count":3,"href":"https:\/\/www.corteparma.it\/fr\/wp-json\/wp\/v2\/posts\/8007\/revisions"}],"predecessor-version":[{"id":8018,"href":"https:\/\/www.corteparma.it\/fr\/wp-json\/wp\/v2\/posts\/8007\/revisions\/8018"}],"wp:featuredmedia":[{"embeddable":true,"href":"https:\/\/www.corteparma.it\/fr\/wp-json\/wp\/v2\/media\/7985"}],"wp:attachment":[{"href":"https:\/\/www.corteparma.it\/fr\/wp-json\/wp\/v2\/media?parent=8007"}],"wp:term":[{"taxonomy":"category","embeddable":true,"href":"https:\/\/www.corteparma.it\/fr\/wp-json\/wp\/v2\/categories?post=8007"},{"taxonomy":"post_tag","embeddable":true,"href":"https:\/\/www.corteparma.it\/fr\/wp-json\/wp\/v2\/tags?post=8007"}],"curies":[{"name":"wp","href":"https:\/\/api.w.org\/{rel}","templated":true}]}}