{"id":7942,"date":"2023-04-18T10:41:08","date_gmt":"2023-04-18T08:41:08","guid":{"rendered":"https:\/\/www.corteparma.it\/rapport-sur-le-developpement-durable-2022\/"},"modified":"2024-11-22T15:51:50","modified_gmt":"2024-11-22T13:51:50","slug":"rapport-sur-le-developpement-durable-2022","status":"publish","type":"post","link":"https:\/\/www.corteparma.it\/fr\/rapport-sur-le-developpement-durable-2022\/","title":{"rendered":"Rapport sur le d\u00e9veloppement durable 2022"},"content":{"rendered":"\t\t<div data-elementor-type=\"wp-post\" data-elementor-id=\"7942\" class=\"elementor elementor-7942\" data-elementor-post-type=\"post\">\n\t\t\t\t\t\t<section class=\"elementor-section elementor-top-section elementor-element elementor-element-c9e8e70 elementor-section-boxed elementor-section-height-default elementor-section-height-default\" data-id=\"c9e8e70\" data-element_type=\"section\" data-e-type=\"section\">\n\t\t\t\t\t\t<div class=\"elementor-container elementor-column-gap-default\">\n\t\t\t\t\t<div class=\"elementor-column elementor-col-100 elementor-top-column elementor-element elementor-element-b4eb261\" data-id=\"b4eb261\" data-element_type=\"column\" data-e-type=\"column\">\n\t\t\t<div class=\"elementor-widget-wrap elementor-element-populated\">\n\t\t\t\t\t\t<div class=\"elementor-element elementor-element-7bc7585 elementor-widget elementor-widget-breadcrumbs\" data-id=\"7bc7585\" data-element_type=\"widget\" data-e-type=\"widget\" data-widget_type=\"breadcrumbs.default\">\n\t\t\t\t<div class=\"elementor-widget-container\">\n\t\t\t\t\t<p id=\"breadcrumbs\"><span><span><a href=\"https:\/\/www.corteparma.it\/\">Home<\/a><\/span><\/span><\/p>\t\t\t\t<\/div>\n\t\t\t\t<\/div>\n\t\t\t\t<div class=\"elementor-element elementor-element-61000b0 elementor-widget elementor-widget-text-editor\" data-id=\"61000b0\" data-element_type=\"widget\" data-e-type=\"widget\" data-widget_type=\"text-editor.default\">\n\t\t\t\t<div class=\"elementor-widget-container\">\n\t\t\t\t\t\t\t\t\t<h2><strong>Corte Parma<\/strong> s&rsquo;engage en faveur du d\u00e9veloppement durable<\/h2>\n\t\t\t\t\t\t\t\t<\/div>\n\t\t\t\t<\/div>\n\t\t\t\t\t<\/div>\n\t\t<\/div>\n\t\t\t\t\t<\/div>\n\t\t<\/section>\n\t\t\t\t<section class=\"elementor-section elementor-top-section elementor-element elementor-element-546f6e1 elementor-section-boxed elementor-section-height-default elementor-section-height-default\" data-id=\"546f6e1\" data-element_type=\"section\" data-e-type=\"section\">\n\t\t\t\t\t\t<div class=\"elementor-container elementor-column-gap-default\">\n\t\t\t\t\t<div class=\"elementor-column elementor-col-50 elementor-top-column elementor-element elementor-element-020a681\" data-id=\"020a681\" data-element_type=\"column\" data-e-type=\"column\">\n\t\t\t<div class=\"elementor-widget-wrap elementor-element-populated\">\n\t\t\t\t\t\t<div class=\"elementor-element elementor-element-d0e1425 elementor-widget elementor-widget-text-editor\" data-id=\"d0e1425\" data-element_type=\"widget\" data-e-type=\"widget\" data-widget_type=\"text-editor.default\">\n\t\t\t\t<div class=\"elementor-widget-container\">\n\t\t\t\t\t\t\t\t\t<p>Depuis des ann\u00e9es, nous nous consacrons \u00e0 la promotion de la durabilit\u00e9 environnementale, \u00e9conomique et sociale afin d&rsquo;atteindre les Objectifs de d\u00e9veloppement durable d\u00e9finis par l&rsquo;Agenda 2030.<\/p>\n<p>Aujourd&rsquo;hui, nous sommes ravis de partager les r\u00e9sultats de notre engagement annuel avec le nouveau Rapport sur le d\u00e9veloppement durable, qui refl\u00e8te l&rsquo;efficacit\u00e9 de nos efforts sur de multiples fronts.<\/p>\n<p>Le rapport, certifi\u00e9 par <a href=\"https:\/\/www2.deloitte.com\/it\/it.html\">Deloitte<\/a>, est un document de synth\u00e8se important qui d\u00e9crit de mani\u00e8re transparente la performance de notre entreprise pour l&rsquo;ann\u00e9e 2022.<\/p>\n<p>Dans ces pages, nous relatons les actions concr\u00e8tes que nous avons men\u00e9es, les objectifs que nous nous sommes fix\u00e9s et les progr\u00e8s que nous r\u00e9alisons pour un avenir plus vert, plus juste et plus responsable.<\/p>\n<p><strong><a href=\"http:\/\/www.corteparma.it\/wp-content\/uploads\/2024\/04\/bilancio_corte_parma_2022.pdf\" target=\"_blank\" rel=\"noopener\">T\u00e9l\u00e9charger le rapport sur le d\u00e9veloppement durable 2022<\/a><\/strong><\/p>\n\t\t\t\t\t\t\t\t<\/div>\n\t\t\t\t<\/div>\n\t\t\t\t<div class=\"elementor-element elementor-element-d985938 elementor-widget elementor-widget-image\" data-id=\"d985938\" data-element_type=\"widget\" data-e-type=\"widget\" data-widget_type=\"image.default\">\n\t\t\t\t<div class=\"elementor-widget-container\">\n\t\t\t\t\t\t\t\t\t\t\t\t\t\t\t<img fetchpriority=\"high\" decoding=\"async\" width=\"886\" height=\"590\" src=\"https:\/\/www.corteparma.it\/wp-content\/uploads\/2024\/04\/bilancio-2022.jpg\" class=\"attachment-large size-large wp-image-7943\" alt=\"\" srcset=\"https:\/\/www.corteparma.it\/wp-content\/uploads\/2024\/04\/bilancio-2022.jpg 886w, https:\/\/www.corteparma.it\/wp-content\/uploads\/2024\/04\/bilancio-2022-300x200.jpg 300w, https:\/\/www.corteparma.it\/wp-content\/uploads\/2024\/04\/bilancio-2022-768x511.jpg 768w\" sizes=\"(max-width: 886px) 100vw, 886px\" \/>\t\t\t\t\t\t\t\t\t\t\t\t\t\t\t<\/div>\n\t\t\t\t<\/div>\n\t\t\t\t<div class=\"elementor-element elementor-element-d2649c4 elementor-post-navigation-borders-yes elementor-widget elementor-widget-post-navigation\" data-id=\"d2649c4\" data-element_type=\"widget\" data-e-type=\"widget\" data-widget_type=\"post-navigation.default\">\n\t\t\t\t<div class=\"elementor-widget-container\">\n\t\t\t\t\t\t\t<div class=\"elementor-post-navigation\" role=\"navigation\" aria-label=\"Navigation de publication\">\n\t\t\t<div class=\"elementor-post-navigation__prev elementor-post-navigation__link\">\n\t\t\t\t<a href=\"https:\/\/www.corteparma.it\/fr\/plma-2023\/\" rel=\"prev\"><span class=\"post-navigation__arrow-wrapper post-navigation__arrow-prev\"><i aria-hidden=\"true\" class=\"fas fa-angle-left\"><\/i><span class=\"elementor-screen-only\">Pr\u00e9c\u00e9dent<\/span><\/span><span class=\"elementor-post-navigation__link__prev\"><span class=\"post-navigation__prev--label\">Pr\u00e9c\u00e9dent<\/span><span class=\"post-navigation__prev--title\">PLMA 2023<\/span><\/span><\/a>\t\t\t<\/div>\n\t\t\t\t\t\t\t<div class=\"elementor-post-navigation__separator-wrapper\">\n\t\t\t\t\t<div class=\"elementor-post-navigation__separator\"><\/div>\n\t\t\t\t<\/div>\n\t\t\t\t\t\t<div class=\"elementor-post-navigation__next elementor-post-navigation__link\">\n\t\t\t\t<a href=\"https:\/\/www.corteparma.it\/fr\/marca-2024\/\" rel=\"next\"><span class=\"elementor-post-navigation__link__next\"><span class=\"post-navigation__next--label\">Suivant<\/span><span class=\"post-navigation__next--title\">Marca 2024<\/span><\/span><span class=\"post-navigation__arrow-wrapper post-navigation__arrow-next\"><i aria-hidden=\"true\" class=\"fas fa-angle-right\"><\/i><span class=\"elementor-screen-only\">Suivant<\/span><\/span><\/a>\t\t\t<\/div>\n\t\t<\/div>\n\t\t\t\t\t\t<\/div>\n\t\t\t\t<\/div>\n\t\t\t\t\t<\/div>\n\t\t<\/div>\n\t\t\t\t<div class=\"elementor-column elementor-col-50 elementor-top-column elementor-element elementor-element-b76135e elementor-hidden-tablet elementor-hidden-mobile\" data-id=\"b76135e\" data-element_type=\"column\" data-e-type=\"column\">\n\t\t\t<div class=\"elementor-widget-wrap elementor-element-populated\">\n\t\t\t\t\t\t<div class=\"elementor-element elementor-element-e85b402 elementor-view-stacked elementor-shape-circle elementor-widget elementor-widget-icon\" data-id=\"e85b402\" data-element_type=\"widget\" data-e-type=\"widget\" data-widget_type=\"icon.default\">\n\t\t\t\t<div class=\"elementor-widget-container\">\n\t\t\t\t\t\t\t<div class=\"elementor-icon-wrapper\">\n\t\t\t<a class=\"elementor-icon elementor-animation-shrink\" href=\"http:\/\/www.corteparma.it\/news\/\">\n\t\t\t<i aria-hidden=\"true\" class=\"fas fa-th\"><\/i>\t\t\t<\/a>\n\t\t<\/div>\n\t\t\t\t\t\t<\/div>\n\t\t\t\t<\/div>\n\t\t\t\t<div class=\"elementor-element elementor-element-449768d elementor-widget elementor-widget-text-editor\" data-id=\"449768d\" data-element_type=\"widget\" data-e-type=\"widget\" data-widget_type=\"text-editor.default\">\n\t\t\t\t<div class=\"elementor-widget-container\">\n\t\t\t\t\t\t\t\t\t<p><strong>Autres articles<br \/><\/strong><\/p>\n\t\t\t\t\t\t\t\t<\/div>\n\t\t\t\t<\/div>\n\t\t\t\t<div class=\"elementor-element elementor-element-baff024 elementor-grid-1 elementor-posts--thumbnail-none elementor-grid-tablet-2 elementor-grid-mobile-1 elementor-widget elementor-widget-posts\" data-id=\"baff024\" data-element_type=\"widget\" data-e-type=\"widget\" data-settings=\"{&quot;classic_columns&quot;:&quot;1&quot;,&quot;classic_row_gap&quot;:{&quot;unit&quot;:&quot;px&quot;,&quot;size&quot;:6,&quot;sizes&quot;:[]},&quot;classic_columns_tablet&quot;:&quot;2&quot;,&quot;classic_columns_mobile&quot;:&quot;1&quot;,&quot;classic_row_gap_tablet&quot;:{&quot;unit&quot;:&quot;px&quot;,&quot;size&quot;:&quot;&quot;,&quot;sizes&quot;:[]},&quot;classic_row_gap_mobile&quot;:{&quot;unit&quot;:&quot;px&quot;,&quot;size&quot;:&quot;&quot;,&quot;sizes&quot;:[]}}\" data-widget_type=\"posts.classic\">\n\t\t\t\t<div class=\"elementor-widget-container\">\n\t\t\t\t\t\t\t<div class=\"elementor-posts-container elementor-posts elementor-posts--skin-classic elementor-grid\" role=\"list\">\n\t\t\t\t<article class=\"elementor-post elementor-grid-item post-8372 post type-post status-publish format-standard has-post-thumbnail hentry category-nouvelles\" role=\"listitem\">\n\t\t\t\t<div class=\"elementor-post__text\">\n\t\t\t\t<p class=\"elementor-post__title\">\n\t\t\t<a href=\"https:\/\/www.corteparma.it\/fr\/journee-du-made-in-italy-les-exportations-de-corte-parma-amoretti-augmentent-de-pres-de-80\/\" >\n\t\t\t\tJourn\u00e9e du Made in Italy: les exportations de Corte Parma-Amoretti augmentent de pr\u00e8s de 80 %\t\t\t<\/a>\n\t\t<\/p>\n\t\t\t\t<\/div>\n\t\t\t\t<\/article>\n\t\t\t\t<article class=\"elementor-post elementor-grid-item post-8342 post type-post status-publish format-standard has-post-thumbnail hentry category-nouvelles\" role=\"listitem\">\n\t\t\t\t<div class=\"elementor-post__text\">\n\t\t\t\t<p class=\"elementor-post__title\">\n\t\t\t<a href=\"https:\/\/www.corteparma.it\/fr\/parizza-paris-2026\/\" >\n\t\t\t\tParizza Paris 2026\t\t\t<\/a>\n\t\t<\/p>\n\t\t\t\t<\/div>\n\t\t\t\t<\/article>\n\t\t\t\t<article class=\"elementor-post elementor-grid-item post-8334 post type-post status-publish format-standard has-post-thumbnail hentry category-nouvelles\" role=\"listitem\">\n\t\t\t\t<div class=\"elementor-post__text\">\n\t\t\t\t<p class=\"elementor-post__title\">\n\t\t\t<a href=\"https:\/\/www.corteparma.it\/fr\/ife-londres-2026\/\" >\n\t\t\t\tIFE Londres 2026\t\t\t<\/a>\n\t\t<\/p>\n\t\t\t\t<\/div>\n\t\t\t\t<\/article>\n\t\t\t\t<article class=\"elementor-post elementor-grid-item post-8299 post type-post status-publish format-standard has-post-thumbnail hentry category-nouvelles\" role=\"listitem\">\n\t\t\t\t<div class=\"elementor-post__text\">\n\t\t\t\t<p class=\"elementor-post__title\">\n\t\t\t<a href=\"https:\/\/www.corteparma.it\/fr\/anuga-2025\/\" >\n\t\t\t\tAnuga 2025\t\t\t<\/a>\n\t\t<\/p>\n\t\t\t\t<\/div>\n\t\t\t\t<\/article>\n\t\t\t\t<article class=\"elementor-post elementor-grid-item post-8277 post type-post status-publish format-standard has-post-thumbnail hentry category-nouvelles\" role=\"listitem\">\n\t\t\t\t<div class=\"elementor-post__text\">\n\t\t\t\t<p class=\"elementor-post__title\">\n\t\t\t<a href=\"https:\/\/www.corteparma.it\/fr\/tuttofood-2025\/\" >\n\t\t\t\tTuttofood 2025\t\t\t<\/a>\n\t\t<\/p>\n\t\t\t\t<\/div>\n\t\t\t\t<\/article>\n\t\t\t\t<article class=\"elementor-post elementor-grid-item post-8091 post type-post status-publish format-standard has-post-thumbnail hentry category-nouvelles\" role=\"listitem\">\n\t\t\t\t<div class=\"elementor-post__text\">\n\t\t\t\t<p class=\"elementor-post__title\">\n\t\t\t<a href=\"https:\/\/www.corteparma.it\/fr\/marca-2025\/\" >\n\t\t\t\tMARCA 2025\t\t\t<\/a>\n\t\t<\/p>\n\t\t\t\t<\/div>\n\t\t\t\t<\/article>\n\t\t\t\t<\/div>\n\t\t\n\t\t\t\t\t\t<\/div>\n\t\t\t\t<\/div>\n\t\t\t\t\t<\/div>\n\t\t<\/div>\n\t\t\t\t\t<\/div>\n\t\t<\/section>\n\t\t\t\t<\/div>\n\t\t","protected":false},"excerpt":{"rendered":"<p>Corte Parma s&rsquo;engage en faveur du d\u00e9veloppement durable Depuis des ann\u00e9es, nous nous consacrons \u00e0 la promotion de la durabilit\u00e9 environnementale, \u00e9conomique et sociale afin<\/p>\n","protected":false},"author":6,"featured_media":7943,"comment_status":"closed","ping_status":"open","sticky":false,"template":"elementor_header_footer","format":"standard","meta":{"footnotes":""},"categories":[45],"tags":[],"class_list":["post-7942","post","type-post","status-publish","format-standard","has-post-thumbnail","hentry","category-nouvelles"],"yoast_head":"<!-- This site is optimized with the Yoast SEO plugin v27.5 - https:\/\/yoast.com\/product\/yoast-seo-wordpress\/ -->\n<title>Rapport sur le d\u00e9veloppement durable 2022 - Corte Parma<\/title>\n<meta name=\"robots\" content=\"index, follow, max-snippet:-1, max-image-preview:large, max-video-preview:-1\" \/>\n<link rel=\"canonical\" href=\"https:\/\/www.corteparma.it\/fr\/rapport-sur-le-developpement-durable-2022\/\" \/>\n<meta property=\"og:locale\" content=\"fr_FR\" \/>\n<meta property=\"og:type\" content=\"article\" \/>\n<meta property=\"og:title\" content=\"Rapport sur le d\u00e9veloppement durable 2022 - Corte Parma\" \/>\n<meta property=\"og:description\" content=\"Corte Parma s&rsquo;engage en faveur du d\u00e9veloppement durable Depuis des ann\u00e9es, nous nous consacrons \u00e0 la promotion de la durabilit\u00e9 environnementale, \u00e9conomique et sociale afin\" \/>\n<meta property=\"og:url\" content=\"https:\/\/www.corteparma.it\/fr\/rapport-sur-le-developpement-durable-2022\/\" \/>\n<meta property=\"og:site_name\" content=\"Corte Parma\" \/>\n<meta property=\"article:published_time\" content=\"2023-04-18T08:41:08+00:00\" \/>\n<meta property=\"article:modified_time\" content=\"2024-11-22T13:51:50+00:00\" \/>\n<meta property=\"og:image\" content=\"https:\/\/www.corteparma.it\/wp-content\/uploads\/2024\/04\/bilancio-2022.jpg\" \/>\n\t<meta property=\"og:image:width\" content=\"886\" \/>\n\t<meta property=\"og:image:height\" content=\"590\" \/>\n\t<meta property=\"og:image:type\" content=\"image\/jpeg\" \/>\n<meta name=\"author\" content=\"Francesca\" \/>\n<meta name=\"twitter:card\" content=\"summary_large_image\" \/>\n<meta name=\"twitter:label1\" content=\"\u00c9crit par\" \/>\n\t<meta name=\"twitter:data1\" content=\"Francesca\" \/>\n\t<meta name=\"twitter:label2\" content=\"Dur\u00e9e de lecture estim\u00e9e\" \/>\n\t<meta name=\"twitter:data2\" content=\"1 minute\" \/>\n<script type=\"application\/ld+json\" class=\"yoast-schema-graph\">{\"@context\":\"https:\\\/\\\/schema.org\",\"@graph\":[{\"@type\":\"Article\",\"@id\":\"https:\\\/\\\/www.corteparma.it\\\/fr\\\/rapport-sur-le-developpement-durable-2022\\\/#article\",\"isPartOf\":{\"@id\":\"https:\\\/\\\/www.corteparma.it\\\/fr\\\/rapport-sur-le-developpement-durable-2022\\\/\"},\"author\":{\"name\":\"Francesca\",\"@id\":\"https:\\\/\\\/www.corteparma.it\\\/#\\\/schema\\\/person\\\/64c6fd96cebb2b48fe4fcc51bf3d581c\"},\"headline\":\"Rapport sur le d\u00e9veloppement durable 2022\",\"datePublished\":\"2023-04-18T08:41:08+00:00\",\"dateModified\":\"2024-11-22T13:51:50+00:00\",\"mainEntityOfPage\":{\"@id\":\"https:\\\/\\\/www.corteparma.it\\\/fr\\\/rapport-sur-le-developpement-durable-2022\\\/\"},\"wordCount\":161,\"image\":{\"@id\":\"https:\\\/\\\/www.corteparma.it\\\/fr\\\/rapport-sur-le-developpement-durable-2022\\\/#primaryimage\"},\"thumbnailUrl\":\"https:\\\/\\\/www.corteparma.it\\\/wp-content\\\/uploads\\\/2024\\\/04\\\/bilancio-2022.jpg\",\"articleSection\":[\"Nouvelles\"],\"inLanguage\":\"fr-FR\"},{\"@type\":\"WebPage\",\"@id\":\"https:\\\/\\\/www.corteparma.it\\\/fr\\\/rapport-sur-le-developpement-durable-2022\\\/\",\"url\":\"https:\\\/\\\/www.corteparma.it\\\/fr\\\/rapport-sur-le-developpement-durable-2022\\\/\",\"name\":\"Rapport sur le d\u00e9veloppement durable 2022 - Corte Parma\",\"isPartOf\":{\"@id\":\"https:\\\/\\\/www.corteparma.it\\\/#website\"},\"primaryImageOfPage\":{\"@id\":\"https:\\\/\\\/www.corteparma.it\\\/fr\\\/rapport-sur-le-developpement-durable-2022\\\/#primaryimage\"},\"image\":{\"@id\":\"https:\\\/\\\/www.corteparma.it\\\/fr\\\/rapport-sur-le-developpement-durable-2022\\\/#primaryimage\"},\"thumbnailUrl\":\"https:\\\/\\\/www.corteparma.it\\\/wp-content\\\/uploads\\\/2024\\\/04\\\/bilancio-2022.jpg\",\"datePublished\":\"2023-04-18T08:41:08+00:00\",\"dateModified\":\"2024-11-22T13:51:50+00:00\",\"author\":{\"@id\":\"https:\\\/\\\/www.corteparma.it\\\/#\\\/schema\\\/person\\\/64c6fd96cebb2b48fe4fcc51bf3d581c\"},\"breadcrumb\":{\"@id\":\"https:\\\/\\\/www.corteparma.it\\\/fr\\\/rapport-sur-le-developpement-durable-2022\\\/#breadcrumb\"},\"inLanguage\":\"fr-FR\",\"potentialAction\":[{\"@type\":\"ReadAction\",\"target\":[\"https:\\\/\\\/www.corteparma.it\\\/fr\\\/rapport-sur-le-developpement-durable-2022\\\/\"]}]},{\"@type\":\"ImageObject\",\"inLanguage\":\"fr-FR\",\"@id\":\"https:\\\/\\\/www.corteparma.it\\\/fr\\\/rapport-sur-le-developpement-durable-2022\\\/#primaryimage\",\"url\":\"https:\\\/\\\/www.corteparma.it\\\/wp-content\\\/uploads\\\/2024\\\/04\\\/bilancio-2022.jpg\",\"contentUrl\":\"https:\\\/\\\/www.corteparma.it\\\/wp-content\\\/uploads\\\/2024\\\/04\\\/bilancio-2022.jpg\",\"width\":886,\"height\":590},{\"@type\":\"BreadcrumbList\",\"@id\":\"https:\\\/\\\/www.corteparma.it\\\/fr\\\/rapport-sur-le-developpement-durable-2022\\\/#breadcrumb\",\"itemListElement\":[{\"@type\":\"ListItem\",\"position\":1,\"name\":\"Home\",\"item\":\"https:\\\/\\\/www.corteparma.it\\\/\"},{\"@type\":\"ListItem\",\"position\":2,\"name\":\"Rapport sur le d\u00e9veloppement durable 2022\"}]},{\"@type\":\"WebSite\",\"@id\":\"https:\\\/\\\/www.corteparma.it\\\/#website\",\"url\":\"https:\\\/\\\/www.corteparma.it\\\/\",\"name\":\"Corte Parma\",\"description\":\"\",\"potentialAction\":[{\"@type\":\"SearchAction\",\"target\":{\"@type\":\"EntryPoint\",\"urlTemplate\":\"https:\\\/\\\/www.corteparma.it\\\/?s={search_term_string}\"},\"query-input\":{\"@type\":\"PropertyValueSpecification\",\"valueRequired\":true,\"valueName\":\"search_term_string\"}}],\"inLanguage\":\"fr-FR\"},{\"@type\":\"Person\",\"@id\":\"https:\\\/\\\/www.corteparma.it\\\/#\\\/schema\\\/person\\\/64c6fd96cebb2b48fe4fcc51bf3d581c\",\"name\":\"Francesca\",\"image\":{\"@type\":\"ImageObject\",\"inLanguage\":\"fr-FR\",\"@id\":\"https:\\\/\\\/secure.gravatar.com\\\/avatar\\\/63611fc76da375fba77cd167b7e40538cdd5925086c30c31fc7c31d596527745?s=96&d=mm&r=g\",\"url\":\"https:\\\/\\\/secure.gravatar.com\\\/avatar\\\/63611fc76da375fba77cd167b7e40538cdd5925086c30c31fc7c31d596527745?s=96&d=mm&r=g\",\"contentUrl\":\"https:\\\/\\\/secure.gravatar.com\\\/avatar\\\/63611fc76da375fba77cd167b7e40538cdd5925086c30c31fc7c31d596527745?s=96&d=mm&r=g\",\"caption\":\"Francesca\"},\"url\":\"https:\\\/\\\/www.corteparma.it\\\/fr\\\/author\\\/tonik\\\/\"}]}<\/script>\n<!-- \/ Yoast SEO plugin. -->","yoast_head_json":{"title":"Rapport sur le d\u00e9veloppement durable 2022 - Corte Parma","robots":{"index":"index","follow":"follow","max-snippet":"max-snippet:-1","max-image-preview":"max-image-preview:large","max-video-preview":"max-video-preview:-1"},"canonical":"https:\/\/www.corteparma.it\/fr\/rapport-sur-le-developpement-durable-2022\/","og_locale":"fr_FR","og_type":"article","og_title":"Rapport sur le d\u00e9veloppement durable 2022 - Corte Parma","og_description":"Corte Parma s&rsquo;engage en faveur du d\u00e9veloppement durable Depuis des ann\u00e9es, nous nous consacrons \u00e0 la promotion de la durabilit\u00e9 environnementale, \u00e9conomique et sociale afin","og_url":"https:\/\/www.corteparma.it\/fr\/rapport-sur-le-developpement-durable-2022\/","og_site_name":"Corte Parma","article_published_time":"2023-04-18T08:41:08+00:00","article_modified_time":"2024-11-22T13:51:50+00:00","og_image":[{"width":886,"height":590,"url":"https:\/\/www.corteparma.it\/wp-content\/uploads\/2024\/04\/bilancio-2022.jpg","type":"image\/jpeg"}],"author":"Francesca","twitter_card":"summary_large_image","twitter_misc":{"\u00c9crit par":"Francesca","Dur\u00e9e de lecture estim\u00e9e":"1 minute"},"schema":{"@context":"https:\/\/schema.org","@graph":[{"@type":"Article","@id":"https:\/\/www.corteparma.it\/fr\/rapport-sur-le-developpement-durable-2022\/#article","isPartOf":{"@id":"https:\/\/www.corteparma.it\/fr\/rapport-sur-le-developpement-durable-2022\/"},"author":{"name":"Francesca","@id":"https:\/\/www.corteparma.it\/#\/schema\/person\/64c6fd96cebb2b48fe4fcc51bf3d581c"},"headline":"Rapport sur le d\u00e9veloppement durable 2022","datePublished":"2023-04-18T08:41:08+00:00","dateModified":"2024-11-22T13:51:50+00:00","mainEntityOfPage":{"@id":"https:\/\/www.corteparma.it\/fr\/rapport-sur-le-developpement-durable-2022\/"},"wordCount":161,"image":{"@id":"https:\/\/www.corteparma.it\/fr\/rapport-sur-le-developpement-durable-2022\/#primaryimage"},"thumbnailUrl":"https:\/\/www.corteparma.it\/wp-content\/uploads\/2024\/04\/bilancio-2022.jpg","articleSection":["Nouvelles"],"inLanguage":"fr-FR"},{"@type":"WebPage","@id":"https:\/\/www.corteparma.it\/fr\/rapport-sur-le-developpement-durable-2022\/","url":"https:\/\/www.corteparma.it\/fr\/rapport-sur-le-developpement-durable-2022\/","name":"Rapport sur le d\u00e9veloppement durable 2022 - Corte Parma","isPartOf":{"@id":"https:\/\/www.corteparma.it\/#website"},"primaryImageOfPage":{"@id":"https:\/\/www.corteparma.it\/fr\/rapport-sur-le-developpement-durable-2022\/#primaryimage"},"image":{"@id":"https:\/\/www.corteparma.it\/fr\/rapport-sur-le-developpement-durable-2022\/#primaryimage"},"thumbnailUrl":"https:\/\/www.corteparma.it\/wp-content\/uploads\/2024\/04\/bilancio-2022.jpg","datePublished":"2023-04-18T08:41:08+00:00","dateModified":"2024-11-22T13:51:50+00:00","author":{"@id":"https:\/\/www.corteparma.it\/#\/schema\/person\/64c6fd96cebb2b48fe4fcc51bf3d581c"},"breadcrumb":{"@id":"https:\/\/www.corteparma.it\/fr\/rapport-sur-le-developpement-durable-2022\/#breadcrumb"},"inLanguage":"fr-FR","potentialAction":[{"@type":"ReadAction","target":["https:\/\/www.corteparma.it\/fr\/rapport-sur-le-developpement-durable-2022\/"]}]},{"@type":"ImageObject","inLanguage":"fr-FR","@id":"https:\/\/www.corteparma.it\/fr\/rapport-sur-le-developpement-durable-2022\/#primaryimage","url":"https:\/\/www.corteparma.it\/wp-content\/uploads\/2024\/04\/bilancio-2022.jpg","contentUrl":"https:\/\/www.corteparma.it\/wp-content\/uploads\/2024\/04\/bilancio-2022.jpg","width":886,"height":590},{"@type":"BreadcrumbList","@id":"https:\/\/www.corteparma.it\/fr\/rapport-sur-le-developpement-durable-2022\/#breadcrumb","itemListElement":[{"@type":"ListItem","position":1,"name":"Home","item":"https:\/\/www.corteparma.it\/"},{"@type":"ListItem","position":2,"name":"Rapport sur le d\u00e9veloppement durable 2022"}]},{"@type":"WebSite","@id":"https:\/\/www.corteparma.it\/#website","url":"https:\/\/www.corteparma.it\/","name":"Corte Parma","description":"","potentialAction":[{"@type":"SearchAction","target":{"@type":"EntryPoint","urlTemplate":"https:\/\/www.corteparma.it\/?s={search_term_string}"},"query-input":{"@type":"PropertyValueSpecification","valueRequired":true,"valueName":"search_term_string"}}],"inLanguage":"fr-FR"},{"@type":"Person","@id":"https:\/\/www.corteparma.it\/#\/schema\/person\/64c6fd96cebb2b48fe4fcc51bf3d581c","name":"Francesca","image":{"@type":"ImageObject","inLanguage":"fr-FR","@id":"https:\/\/secure.gravatar.com\/avatar\/63611fc76da375fba77cd167b7e40538cdd5925086c30c31fc7c31d596527745?s=96&d=mm&r=g","url":"https:\/\/secure.gravatar.com\/avatar\/63611fc76da375fba77cd167b7e40538cdd5925086c30c31fc7c31d596527745?s=96&d=mm&r=g","contentUrl":"https:\/\/secure.gravatar.com\/avatar\/63611fc76da375fba77cd167b7e40538cdd5925086c30c31fc7c31d596527745?s=96&d=mm&r=g","caption":"Francesca"},"url":"https:\/\/www.corteparma.it\/fr\/author\/tonik\/"}]}},"_links":{"self":[{"href":"https:\/\/www.corteparma.it\/fr\/wp-json\/wp\/v2\/posts\/7942","targetHints":{"allow":["GET"]}}],"collection":[{"href":"https:\/\/www.corteparma.it\/fr\/wp-json\/wp\/v2\/posts"}],"about":[{"href":"https:\/\/www.corteparma.it\/fr\/wp-json\/wp\/v2\/types\/post"}],"author":[{"embeddable":true,"href":"https:\/\/www.corteparma.it\/fr\/wp-json\/wp\/v2\/users\/6"}],"replies":[{"embeddable":true,"href":"https:\/\/www.corteparma.it\/fr\/wp-json\/wp\/v2\/comments?post=7942"}],"version-history":[{"count":1,"href":"https:\/\/www.corteparma.it\/fr\/wp-json\/wp\/v2\/posts\/7942\/revisions"}],"predecessor-version":[{"id":7944,"href":"https:\/\/www.corteparma.it\/fr\/wp-json\/wp\/v2\/posts\/7942\/revisions\/7944"}],"wp:featuredmedia":[{"embeddable":true,"href":"https:\/\/www.corteparma.it\/fr\/wp-json\/wp\/v2\/media\/7943"}],"wp:attachment":[{"href":"https:\/\/www.corteparma.it\/fr\/wp-json\/wp\/v2\/media?parent=7942"}],"wp:term":[{"taxonomy":"category","embeddable":true,"href":"https:\/\/www.corteparma.it\/fr\/wp-json\/wp\/v2\/categories?post=7942"},{"taxonomy":"post_tag","embeddable":true,"href":"https:\/\/www.corteparma.it\/fr\/wp-json\/wp\/v2\/tags?post=7942"}],"curies":[{"name":"wp","href":"https:\/\/api.w.org\/{rel}","templated":true}]}}